{"id":3378,"date":"2023-10-17T10:16:14","date_gmt":"2023-10-17T10:16:14","guid":{"rendered":"https:\/\/advancedfueclinic.com\/?p=3378"},"modified":"2023-10-17T10:16:19","modified_gmt":"2023-10-17T10:16:19","slug":"trajtimi-i-renies-se-flokeve-nga-semundjet-autoimune","status":"publish","type":"post","link":"https:\/\/advancedfueclinic.com\/it\/trattamento-della-caduta-dei-capelli-da-malattie-autoimmuni\/","title":{"rendered":"Trattamento Della Perdita Di Capelli Nei Pazienti Con Malattie Autoimmuni"},"content":{"rendered":"<p>La salute \u00e8, nella maggioranza dei casi, una delle cose che si possono dar facilmente per scontate. Poich\u00e9 quando va bene, non ci si pensa due volte. Ma quando la situazione peggiora e c'\u00e8 qualcosa che ci preoccupa, ci si butta a pesce su Google per scoprire cosa sta succedendo esattamente.<\/p>\n\n\n\n<p>La caduta dei capelli, per la maggior parte degli uomini, pu\u00f2 essere dovuta alla calvizie maschile, principalmente imputata alla genetica. Per\u00f2 la perdita di capelli pu\u00f2 sempre significare qualcosa di pi\u00f9 grande, e quando si parla di malattie autoimmuni come il Lupus o l'alopecia areata, la situazione non \u00e8 poi tanto gradevole da affrontare.<\/p>\n\n\n\n<p>Nel presente articolo ci siamo assicurati di trattare le pi\u00f9 comuni malattie autoimmuni che portano alla perdita di capelli, nonch\u00e9 il modo in cui \u00e8 possibile <a href=\"https:\/\/advancedfueclinic.com\/it\/come-fermare-la-caduta-dei-capelli\/\">trattare la caduta dei capelli<\/a> nel modo pi\u00f9 efficace.<\/p>\n\n\n\n<figure class=\"wp-block-image size-full\"><img fetchpriority=\"high\" decoding=\"async\" width=\"1000\" height=\"667\" src=\"https:\/\/advancedfueclinic.com\/wp-content\/uploads\/2023\/10\/Pi7compressedmen-with-bald-head-black-wall-close-up.jpg\" alt=\"Foto che illustra la caduta dei capelli dovuta all&#039;alopecia areata.\" class=\"wp-image-3379\" title=\"\" srcset=\"https:\/\/advancedfueclinic.com\/wp-content\/uploads\/2023\/10\/Pi7compressedmen-with-bald-head-black-wall-close-up.jpg 1000w, https:\/\/advancedfueclinic.com\/wp-content\/uploads\/2023\/10\/Pi7compressedmen-with-bald-head-black-wall-close-up-300x200.jpg 300w, https:\/\/advancedfueclinic.com\/wp-content\/uploads\/2023\/10\/Pi7compressedmen-with-bald-head-black-wall-close-up-768x512.jpg 768w, https:\/\/advancedfueclinic.com\/wp-content\/uploads\/2023\/10\/Pi7compressedmen-with-bald-head-black-wall-close-up-18x12.jpg 18w\" sizes=\"(max-width: 1000px) 100vw, 1000px\" \/><\/figure>\n\n\n\n<h2 class=\"wp-block-heading\">Malattie Autoimmuni Che Causano La Caduta Dei Capelli<\/h2>\n\n\n\n<p>Ci sono molte malattie autoimmuni che possono causare la caduta dei capelli - come detto sopra, ne tratteremo alcune di seguito. Pur avendo il piacere di essere il vostro santuario su Internet, ribadiamo la necessit\u00e0 di rivolgersi a un professionista della salute per un consiglio medico e per una diagnosi corretta. Nel frattempo, parliamo di alcune delle malattie autoimmuni che scatenano la caduta dei capelli.<\/p>\n\n\n\n<h3 class=\"wp-block-heading\">Alopecia Areata<\/h3>\n\n\n\n<p><a href=\"https:\/\/it.wikipedia.org\/wiki\/Alopecia_areata\" target=\"_blank\" rel=\"noopener\">L'alopecia areata<\/a> \u00e8 una malattia autoimmune che affligge circa il 2% della popolazione. \u00c8 la seconda forma pi\u00f9 comune di perdita di capelli non cicatriziale dopo la calvizie maschile.<\/p>\n\n\n\n<p>Si manifesta in particolare con una perdita di capelli ad anello (a differenza del diradamento diffuso che si osserva in altre patologie, come la calvizie maschile) quando il sistema immunitario attacca il follicolo pilifero. Pur colpendo soprattutto il cuoio capelluto, pu\u00f2 essere la causa della perdita di capelli del corpo.<\/p>\n\n\n\n<p>L'alopecia areata pu\u00f2 essere il risultato di diverse malattie autoimmuni, come febbre da fieno, disturbi della tiroide, sindrome di Down, dermatite atopica, asma e vitiligine.<\/p>\n\n\n\n<p>Altre condizioni mediche frequentemente correlate all'alopecia areata come causa di perdita di capelli sono la sclerosi multipla, la sindrome dell'intestino irritabile, il diabete mellito, l'alopecia fibrosa frontale, il lichen planopilaris e il lupus eritematoso.<\/p>\n\n\n\n<figure class=\"wp-block-image size-full\"><img decoding=\"async\" width=\"1000\" height=\"667\" src=\"https:\/\/advancedfueclinic.com\/wp-content\/uploads\/2023\/10\/Pi7compresseduse-emollient-dry-flaky-skin-as-treatment-psoriasis-eczema-other-dry-skin-diseases-look-through-magnifying-glass.jpg\" alt=\"Foto che illustra il lupus, una malattia autoimmune che pu\u00f2 causare la caduta dei capelli.\" class=\"wp-image-3380\" title=\"\" srcset=\"https:\/\/advancedfueclinic.com\/wp-content\/uploads\/2023\/10\/Pi7compresseduse-emollient-dry-flaky-skin-as-treatment-psoriasis-eczema-other-dry-skin-diseases-look-through-magnifying-glass.jpg 1000w, https:\/\/advancedfueclinic.com\/wp-content\/uploads\/2023\/10\/Pi7compresseduse-emollient-dry-flaky-skin-as-treatment-psoriasis-eczema-other-dry-skin-diseases-look-through-magnifying-glass-300x200.jpg 300w, https:\/\/advancedfueclinic.com\/wp-content\/uploads\/2023\/10\/Pi7compresseduse-emollient-dry-flaky-skin-as-treatment-psoriasis-eczema-other-dry-skin-diseases-look-through-magnifying-glass-768x512.jpg 768w, https:\/\/advancedfueclinic.com\/wp-content\/uploads\/2023\/10\/Pi7compresseduse-emollient-dry-flaky-skin-as-treatment-psoriasis-eczema-other-dry-skin-diseases-look-through-magnifying-glass-18x12.jpg 18w\" sizes=\"(max-width: 1000px) 100vw, 1000px\" \/><\/figure>\n\n\n\n<h3 class=\"wp-block-heading\">Lupus<\/h3>\n\n\n\n<p>Piuttosto frequentemente collegato all'alopecia areata, il <a href=\"https:\/\/it.wikipedia.org\/wiki\/Lupus_eritematoso\" target=\"_blank\" rel=\"noopener\">lupus eritematoso<\/a> \u00e8 una patologia cronica multisistemica che si riscontra generalmente pi\u00f9 nelle donne che negli uomini. Fra gli effetti collaterali del lupus vi sono crisi epilettiche, ulcere orali e dolori articolari.<\/p>\n\n\n\n<p>Senza dimenticare la perdita di capelli. La caduta dei capelli nei pazienti affetti da lupus pu\u00f2 apparire spesso ruvida e secca, specialmente all'attaccatura dei capelli frontali. Ci sono due tipi di perdita di capelli da lupus: quella specifica e quella aspecifica. La prima comprende il lupus eritematoso discoide (DLE) e presenta segni di pigmentazione cutanea irregolare, placche e papule squamose. La seconda, al contrario, comprende l'alopecia areata, il telogen effluvium e l'anagen effluvium.<\/p>\n\n\n\n<h3 class=\"wp-block-heading\">Morbo Di Hashimoto<\/h3>\n\n\n\n<p>I disturbi della tiroide hanno la pi\u00f9 alta frequenza di combinazione con la perdita di capelli da alopecia areata, tra tutte le malattie autoimmuni. Ci\u00f2 appare logico, dato che gli ormoni tiroidei sono fondamentali per la crescita dei follicoli piliferi e per il mantenimento delle ciocche di capelli.<\/p>\n\n\n\n<p>Il morbo di Hashimoto \u00e8 la forma pi\u00f9 comune di ipotiroidismo, che fa parte della tiroidite cronica autoimmune. I dati hanno dimostrato che a circa il 5% dei pazienti affetti da alopecia areata \u00e8 stata diagnosticata anche la malattia di Hashimoto e che circa il 9% presenta qualche tipo di disfunzione tiroidea.<\/p>\n\n\n\n<p>Se soffrite di questa condizione medica, dovete sapere che gli anticorpi antitiroidei attaccano il tessuto tiroideo e che ci\u00f2 comporta alcuni effetti collaterali. Tali effetti collaterali possono comprendere pelle secca, aumento di peso, affaticamento e mixedema, una condizione cutanea simile all'edema.<\/p>\n\n\n\n<p>La malattia di Hashimoto pu\u00f2 inoltre causare una crescita lenta dei capelli e una struttura secca e fragile. Inoltre, l'alopecia parziale o diffusa pu\u00f2 essere molto evidente.<\/p>\n\n\n\n<figure class=\"wp-block-image size-full\"><img decoding=\"async\" width=\"1000\" height=\"667\" src=\"https:\/\/advancedfueclinic.com\/wp-content\/uploads\/2023\/10\/Pi7compressedhands-patient-suffering-from-psoriasis.jpg\" alt=\"Foto che illustra la psoriasi, una malattia autoimmune che pu\u00f2 causare la caduta dei capelli.\" class=\"wp-image-3381\" title=\"\" srcset=\"https:\/\/advancedfueclinic.com\/wp-content\/uploads\/2023\/10\/Pi7compressedhands-patient-suffering-from-psoriasis.jpg 1000w, https:\/\/advancedfueclinic.com\/wp-content\/uploads\/2023\/10\/Pi7compressedhands-patient-suffering-from-psoriasis-300x200.jpg 300w, https:\/\/advancedfueclinic.com\/wp-content\/uploads\/2023\/10\/Pi7compressedhands-patient-suffering-from-psoriasis-768x512.jpg 768w, https:\/\/advancedfueclinic.com\/wp-content\/uploads\/2023\/10\/Pi7compressedhands-patient-suffering-from-psoriasis-18x12.jpg 18w\" sizes=\"(max-width: 1000px) 100vw, 1000px\" \/><\/figure>\n\n\n\n<h3 class=\"wp-block-heading\">Psoriasi<\/h3>\n\n\n\n<p>Forse avrete sentito parlare della psoriasi quando \u00e8 divenuta famosa grazie alla diagnosi di Kim Kardashian. Ebbene, la <a href=\"https:\/\/it.wikipedia.org\/wiki\/Psoriasi\" target=\"_blank\" rel=\"noopener\">psoriasi<\/a> \u00e8 una condizione infiammatoria cronica della pelle e, bench\u00e9 possa avere un impatto su diverse parti del corpo, la psoriasi del cuoio capelluto pu\u00f2 causare la caduta dei capelli.<\/p>\n\n\n\n<p>All'origine, nella maggior parte dei casi, sembra esserci il telogen effluvium, dovuto a traumi e infiammazioni. Per fortuna, per\u00f2, una volta trattata l'infiammazione, \u00e8 possibile la ricrescita dei capelli.<\/p>\n\n\n\n<p>A questo proposito, \u00e8 fondamentale rivolgersi subito a un medico, per evitare che la condizione si trasformi in qualcosa di molto pi\u00f9 traumatico. La psoriasi pu\u00f2 essere causa di alopecia cicatriziale secondaria, che potrebbe poi evolvere in alopecia cicatriziale, che, ci dispiace dirlo, ma \u00e8 permanente.<\/p>\n\n\n\n<h3 class=\"wp-block-heading\">Malattia Di Crohn E Disturbi Infiammatori Intestinali<\/h3>\n\n\n\n<p>I disturbi intestinali, come la malattia infiammatoria intestinale (IBD) e il <a href=\"https:\/\/it.wikipedia.org\/wiki\/Malattia_di_Crohn\" target=\"_blank\" rel=\"noopener\">morbo di Crohn<\/a>, possono provocare, tra le tante cose, anche la perdita dei capelli. Eppure, non sono state condotte molte ricerche per quanto riguarda in particolare l'associazione tra malattia di Crohn e perdita di capelli.<\/p>\n\n\n\n<p>L'IBD pu\u00f2 essere rappresentata in vari modi, ma a parte i problemi di pancia che provoca, i pazienti riferiscono la perdita di capelli. Secondo i rapporti sui casi, la perdita di capelli \u00e8 stata correlata a malattie autoimmuni come il telogen effluvium e l'alopecia areata, oltre che ai farmaci comunemente usati per le IBD, come l'infliximab e l'azatioprina.<\/p>\n\n\n\n<p>Le malattie infiammatorie intestinali possono portare a carenze nutrizionali, come ferro e vitamina B12, che sono state collegate anche alla perdita di capelli. Nel corso di uno studio \u00e8 stato osservato che su 150 pazienti affetti da IBD, il 33% di essi presentava come sintomo la perdita di capelli.<\/p>\n\n\n\n<p>Quindi, no. Se avete a che fare con un disturbo intestinale e sentite che i vostri capelli si sono assottigliati, non \u00e8 frutto della vostra immaginazione.<\/p>\n\n\n\n<figure class=\"wp-block-image size-full\"><img loading=\"lazy\" decoding=\"async\" width=\"1000\" height=\"667\" src=\"https:\/\/advancedfueclinic.com\/wp-content\/uploads\/2023\/10\/Pi7compressedmedium-shot-man-with-dandruff-problems.jpg\" alt=\"Foto che illustra la caduta dei capelli dovuta a malattie autoimmuni.\" class=\"wp-image-3382\" title=\"\" srcset=\"https:\/\/advancedfueclinic.com\/wp-content\/uploads\/2023\/10\/Pi7compressedmedium-shot-man-with-dandruff-problems.jpg 1000w, https:\/\/advancedfueclinic.com\/wp-content\/uploads\/2023\/10\/Pi7compressedmedium-shot-man-with-dandruff-problems-300x200.jpg 300w, https:\/\/advancedfueclinic.com\/wp-content\/uploads\/2023\/10\/Pi7compressedmedium-shot-man-with-dandruff-problems-768x512.jpg 768w, https:\/\/advancedfueclinic.com\/wp-content\/uploads\/2023\/10\/Pi7compressedmedium-shot-man-with-dandruff-problems-18x12.jpg 18w\" sizes=\"(max-width: 1000px) 100vw, 1000px\" \/><\/figure>\n\n\n\n<h2 class=\"wp-block-heading\">La Perdita Di Capelli Dovuta A Una Malattia Autoimmune \u00c8 Curabile?<\/h2>\n\n\n\n<p>Attualmente non esistono trattamenti approvati dalla FDA per la perdita di capelli dovuta a malattie autoimmuni. La soluzione migliore \u00e8 quella di rivolgersi a un professionista per gestire i sintomi della malattia autoimmune e affrontare la causa principale.<\/p>\n\n\n\n<p>Ad esempio, sebbene esistano vari trattamenti che possono aiutare a promuovere la crescita dei capelli nell'alopecia areata, non saranno in grado di modificare la diagnosi della malattia.<\/p>\n\n\n\n<p>Un consiglio per il trattamento dell'alopecia areata \u00e8 quello dei corticosteroidi, iniettati direttamente nel punto calvo o applicati per via topica. In entrambi i casi si tratta di farmaci soggetti a prescrizione medica, secondo le indicazioni del dermatologo.<\/p>\n\n\n\n<p>Nel corso di uno studio, circa il 71% dei pazienti ha visto un miglioramento della crescita dei capelli con l'uso di corticosteroidi, rispetto al 7% del gruppo di controllo.<\/p>\n\n\n\n<p>La sezione che segue evidenzia alcuni dei trattamenti per la caduta dei capelli pi\u00f9 popolari e comunemente utilizzati che, insieme ai farmaci appropriati per la malattia autoimmune, possono contribuire a ripristinare il fiore all'occhiello.<\/p>\n\n\n\n<p>In ogni caso, assicuratevi sempre di chiedere il parere di un medico o di un dermatologo per stabilire il piano giusto da seguire, in base alle vostre esigenze specifiche.<\/p>\n\n\n\n<ul class=\"wp-block-list\">\n<li>Finasteride. \u00c8 una pillola che si assume una volta al giorno e aiuta a colpire il DHT o diidrotestosterone, l'ormone che causa la calvizie maschile.<\/li>\n\n\n\n<li>Spruzzo topico di finasteride e minoxidil. \u00c8 uno spruzzo ad asciugatura rapida la cui formula combina i migliori poteri di due efficaci ingredienti per la crescita dei capelli, la finasteride e il minoxidil, per favorire l'avvio della crescita dei capelli.<\/li>\n\n\n\n<li>Minoxidil in schiuma. Distribuito con il marchio Rogaine, il minoxidil \u00e8 normalmente la prima linea di difesa per la calvizie maschile e il diradamento dei capelli. Secondo uno studio, le persone affette da alopecia areata hanno evidenziato una crescita dei capelli del 38% e dell'81% quando sono state trattate, rispettivamente, con formulazioni all'1% e al 5% di minoxidil topico.<\/li>\n<\/ul>\n\n\n\n<h2 class=\"wp-block-heading\">Gestione Della Perdita Di Capelli Dovuta A Malattie Autoimmuni<\/h2>\n\n\n\n<p>Bench\u00e9 non sia possibile invertire o arrestare completamente la caduta dei capelli dovuta a malattie autoimmuni, esistono diversi modi per aiutarvi ad affrontare questi problemi.<\/p>\n\n\n\n<h3 class=\"wp-block-heading\">Trovare Sostegno<\/h3>\n\n\n\n<p>Le persone che soffrono di perdita di capelli a causa di disturbi autoimmuni spesso si sentono soli o isolati. Per trovare un senso di appartenenza e di comunit\u00e0 si possono frequentare gruppi di sostegno o entrare in contatto con altre persone che lottano contro la stessa malattia e la conseguente perdita di capelli. Che si tratti di un terapeuta individuale, di un forum online o di un gruppo, qualsiasi tipo di sostegno da parte di persone che comprendono la vostra situazione \u00e8 molto spesso utile.<\/p>\n\n\n\n<h3 class=\"wp-block-heading\">Strategie E Consigli Per La Perdita Dei Capelli<\/h3>\n\n\n\n<p>Partendo dal consumo di una dieta sana e finendo con il camuffare la perdita di capelli in modi creativi, esistono diversi modi per acquisire sicurezza di fronte alla perdita di capelli.<\/p>\n\n\n\n<h3 class=\"wp-block-heading\">Dieta<\/h3>\n\n\n\n<p>Consumare una dieta nutriente, gestire lo stress nella vita, dormire adeguatamente ogni notte e ridurre l'esposizione alle tossine ambientali pu\u00f2 migliorare la salute generale e aiutare a controllare il grado di perdita dei capelli.<\/p>\n\n\n\n<h3 class=\"wp-block-heading\">Cura Dei Capelli<\/h3>\n\n\n\n<p>Numerosi professionisti raccomandano l'uso di shampoo delicati e l'assunzione di integratori, tra cui la biotina, anche se le prove scientifiche a sostegno dell'effetto delle vitamine per la ricrescita dei capelli sono poche o nulle.<\/p>\n\n\n\n<figure class=\"wp-block-image size-full\"><img loading=\"lazy\" decoding=\"async\" width=\"1000\" height=\"667\" src=\"https:\/\/advancedfueclinic.com\/wp-content\/uploads\/2023\/10\/Pi7compressedfront-view-woman-hair-slugging-night-routine-1.jpg\" alt=\"Foto che illustra la cura per la caduta dei capelli.\" class=\"wp-image-3384\" title=\"\" srcset=\"https:\/\/advancedfueclinic.com\/wp-content\/uploads\/2023\/10\/Pi7compressedfront-view-woman-hair-slugging-night-routine-1.jpg 1000w, https:\/\/advancedfueclinic.com\/wp-content\/uploads\/2023\/10\/Pi7compressedfront-view-woman-hair-slugging-night-routine-1-300x200.jpg 300w, https:\/\/advancedfueclinic.com\/wp-content\/uploads\/2023\/10\/Pi7compressedfront-view-woman-hair-slugging-night-routine-1-768x512.jpg 768w, https:\/\/advancedfueclinic.com\/wp-content\/uploads\/2023\/10\/Pi7compressedfront-view-woman-hair-slugging-night-routine-1-18x12.jpg 18w\" sizes=\"(max-width: 1000px) 100vw, 1000px\" \/><\/figure>\n\n\n\n<h3 class=\"wp-block-heading\">Lo Styling<\/h3>\n\n\n\n<p>Rivolgetevi al vostro parrucchiere per un consiglio. Potr\u00e0 trovare il modo di far sembrare i vostri capelli molto pi\u00f9 spessi, acconciandoli o tagliandoli a strati. Anche sollevare i capelli dalla testa durante l'asciugatura \u00e8 utile. Infine, \u00e8 sempre possibile tingere i capelli per coprire le zone scoperte del cuoio capelluto.<\/p>\n\n\n\n<h3 class=\"wp-block-heading\">Accessori Per Capelli<\/h3>\n\n\n\n<p>Per le persone che hanno capelli sani e che hanno solo delle chiazze mancanti, i parrucchini sono un'ottima soluzione. I toupet o le estensioni per capelli sono disponibili in un'ampia gamma di stili e dimensioni per coprire il diradamento dei capelli in diverse aree del cuoio capelluto.<\/p>\n\n\n\n<h3 class=\"wp-block-heading\">Cosmetici<\/h3>\n\n\n\n<p>Se la perdita di capelli ha colpito le ciglia o le sopracciglia, le parrucche per sopracciglia, il trucco, gli stencil e le ciglia finte sono soluzioni ottimali.<\/p>\n\n\n\n<h3 class=\"wp-block-heading\">Parrucche<\/h3>\n\n\n\n<p>Splendide parrucche di alta qualit\u00e0 sono un modo eccezionale per coprire la perdita di capelli e non far sapere a nessuno della vostra condizione. Le parrucche, fortunatamente, hanno il vantaggio di facilitare la routine mattutina e di farvi risparmiare su tagli, colorazioni o acconciature.<\/p>\n\n\n\n<h3 class=\"wp-block-heading\">Copricapi<\/h3>\n\n\n\n<p>Per quanto riguarda bandane, sciarpe, fasce o cappelli che possono essere utilizzati per mascherare il diradamento dei capelli, il cielo \u00e8 il limite. Le fasce extra larghe possono essere un'ottima soluzione per chi soffre di diradamento all'attaccatura dei capelli o alle tempie, in modo da coprire queste aree sottili. I copricapo non sono solo una soluzione ottimale per la perdita dei capelli, ma possono anche essere un'aggiunta alla moda per il vostro guardaroba.<\/p>\n\n\n\n<figure class=\"wp-block-image size-full\"><img loading=\"lazy\" decoding=\"async\" width=\"1000\" height=\"667\" src=\"https:\/\/advancedfueclinic.com\/wp-content\/uploads\/2023\/10\/Pi7compressedmature-man-having-balding-problems6-2.jpg\" alt=\"Foto che illustra il trattamento della caduta dei capelli con un trapianto di capelli.\" class=\"wp-image-3385\" title=\"\" srcset=\"https:\/\/advancedfueclinic.com\/wp-content\/uploads\/2023\/10\/Pi7compressedmature-man-having-balding-problems6-2.jpg 1000w, https:\/\/advancedfueclinic.com\/wp-content\/uploads\/2023\/10\/Pi7compressedmature-man-having-balding-problems6-2-300x200.jpg 300w, https:\/\/advancedfueclinic.com\/wp-content\/uploads\/2023\/10\/Pi7compressedmature-man-having-balding-problems6-2-768x512.jpg 768w, https:\/\/advancedfueclinic.com\/wp-content\/uploads\/2023\/10\/Pi7compressedmature-man-having-balding-problems6-2-18x12.jpg 18w\" sizes=\"(max-width: 1000px) 100vw, 1000px\" \/><\/figure>\n\n\n\n<h3 class=\"wp-block-heading\">Chirurgia<\/h3>\n\n\n\n<p>Le alternative di chirurgia estetica per le perdite di capelli pi\u00f9 estreme e permanenti includono il <a href=\"https:\/\/advancedfueclinic.com\/it\/trapianto-di-capelli-albania-clinica-avanzato-fue\/\">trapianto di capelli<\/a> da un'altra area del cuoio capelluto o l'allungamento dei capelli rimanenti per coprire ci\u00f2 che \u00e8 stato perso. Questi approcci, tuttavia, non sono adattabili a tutte le perdite di capelli autoimmuni. Inoltre, possono essere piuttosto costosi e richiedere molto tempo.<\/p>\n\n\n\n<h2 class=\"wp-block-heading\">Malattie Autoimmuni E Perdita Di Capelli: Come Comportarsi?<\/h2>\n\n\n\n<p>Siamo ben consapevoli che gestire i problemi di salute non \u00e8 affatto semplice. Se si notano indizi rivelatori di un diradamento dei capelli, consultare un professionista deve essere la prima priorit\u00e0, soprattutto se non si sa di avere una malattia autoimmune.<\/p>\n\n\n\n<p>A prescindere dal fatto che si soffra di problemi intestinali o di disturbi alla tiroide, rivolgersi a un medico \u00e8 la cosa migliore da fare. Nonostante alcuni articoli online (tra cui questo) siano legittimi e basati su ricerche, altri non lo sono poi cos\u00ec tanto. Quindi, ottenere una diagnosi da un medico professionista \u00e8 fondamentale.<\/p>\n\n\n\n<p>Con le modifiche dello stile di vita e i farmaci appropriati, la gestione della condizione pu\u00f2 essere possibile. Di seguito vi spieghiamo come capire i passi corretti per il trattamento della perdita di capelli, insieme alla vostra malattia autoimmune.<\/p>\n\n\n\n<ul class=\"wp-block-list\">\n<li>Risposta rapida. Se osservate nuovi segnali, come chiazze di calvizie o stanchezza, prendetene nota e non lasciate che il problema si protragga ulteriormente. La migliore scommessa per un trattamento di successo \u00e8 quella di rimettere rapidamente in ordine la propria salute.<\/li>\n\n\n\n<li>Discutete con un medico di fiducia. Essi sono in grado di eseguire tutti i test di laboratorio e gli esami necessari per fornire la diagnosi giusta e i farmaci appropriati che la accompagnano.<\/li>\n\n\n\n<li>Tenete conto di un trattamento per la caduta dei capelli scientificamente fondato da affiancare ai farmaci. L'operatore sanitario o il dermatologo possono offrire opzioni di trattamento che non presentano interazioni o effetti collaterali di cui si dovrebbe essere consapevoli.<\/li>\n<\/ul>\n\n\n\n<p>Se vi sentite pronti per una consulenza sui capelli, noi pensiamo a voi. Prenotate un appuntamento con il nostro team di <a href=\"https:\/\/advancedfueclinic.com\/it\/\">La Advanced Hair Clinic<\/a>, facilmente e senza attendere in fila.<\/p>","protected":false},"excerpt":{"rendered":"<p>Sh\u00ebndeti \u00ebsht\u00eb, p\u00ebr shumic\u00ebn e njer\u00ebzve, nd\u00ebr ato gj\u00ebra q\u00eb leht\u00eb mund t&#8217;i merrni si t\u00eb mir\u00ebqen\u00eb. Sepse kur \u00ebsht\u00eb mir\u00eb, nuk mendoni dy her\u00eb p\u00ebr t\u00eb. Por, kur b\u00ebhet keq dhe di\u00e7ka ju shqet\u00ebson, do t\u00eb hidheni n\u00eb k\u00ebrkimin tuaj n\u00eb Google p\u00ebr t\u00eb zbuluar se \u00e7far\u00eb sakt\u00ebsisht po ndodh. P\u00ebr shumic\u00ebn e meshkujve, [&hellip;]<\/p>\n","protected":false},"author":7,"featured_media":3386,"comment_status":"open","ping_status":"open","sticky":false,"template":"","format":"standard","meta":{"footnotes":""},"categories":[1],"tags":[],"class_list":["post-3378","post","type-post","status-publish","format-standard","has-post-thumbnail","hentry","category-lajmet-e-fundit"],"_links":{"self":[{"href":"https:\/\/advancedfueclinic.com\/it\/wp-json\/wp\/v2\/posts\/3378","targetHints":{"allow":["GET"]}}],"collection":[{"href":"https:\/\/advancedfueclinic.com\/it\/wp-json\/wp\/v2\/posts"}],"about":[{"href":"https:\/\/advancedfueclinic.com\/it\/wp-json\/wp\/v2\/types\/post"}],"author":[{"embeddable":true,"href":"https:\/\/advancedfueclinic.com\/it\/wp-json\/wp\/v2\/users\/7"}],"replies":[{"embeddable":true,"href":"https:\/\/advancedfueclinic.com\/it\/wp-json\/wp\/v2\/comments?post=3378"}],"version-history":[{"count":0,"href":"https:\/\/advancedfueclinic.com\/it\/wp-json\/wp\/v2\/posts\/3378\/revisions"}],"wp:featuredmedia":[{"embeddable":true,"href":"https:\/\/advancedfueclinic.com\/it\/wp-json\/wp\/v2\/media\/3386"}],"wp:attachment":[{"href":"https:\/\/advancedfueclinic.com\/it\/wp-json\/wp\/v2\/media?parent=3378"}],"wp:term":[{"taxonomy":"category","embeddable":true,"href":"https:\/\/advancedfueclinic.com\/it\/wp-json\/wp\/v2\/categories?post=3378"},{"taxonomy":"post_tag","embeddable":true,"href":"https:\/\/advancedfueclinic.com\/it\/wp-json\/wp\/v2\/tags?post=3378"}],"curies":[{"name":"wp","href":"https:\/\/api.w.org\/{rel}","templated":true}]}}